{"id":4119,"date":"2026-02-05T14:24:58","date_gmt":"2026-02-05T13:24:58","guid":{"rendered":"https:\/\/www.gruppoforgesdavanzati.com\/?p=4119"},"modified":"2026-02-10T16:23:57","modified_gmt":"2026-02-10T15:23:57","slug":"da-ancona-a-napoli-e-salerno-la-logistica-italiana-investe-sullinnovazione-ambientale","status":"publish","type":"post","link":"https:\/\/www.gruppoforgesdavanzati.com\/en\/2026\/02\/05\/da-ancona-a-napoli-e-salerno-la-logistica-italiana-investe-sullinnovazione-ambientale\/","title":{"rendered":"Da Ancona a Napoli e Salerno, la logistica italiana investe sull\u2019innovazione ambientale"},"content":{"rendered":"<div class=\"fusion-fullwidth fullwidth-box fusion-builder-row-1 fusion-flex-container has-pattern-background has-mask-background nonhundred-percent-fullwidth non-hundred-percent-height-scrolling\" style=\"--awb-background-position:left top;--awb-border-sizes-top:0px;--awb-border-sizes-bottom:0px;--awb-border-sizes-left:0px;--awb-border-sizes-right:0px;--awb-border-radius-top-left:0px;--awb-border-radius-top-right:0px;--awb-border-radius-bottom-right:0px;--awb-border-radius-bottom-left:0px;--awb-padding-top:0px;--awb-padding-bottom:20px;--awb-flex-wrap:wrap;\" ><div class=\"fusion-builder-row fusion-row fusion-flex-align-items-flex-start fusion-flex-content-wrap\" style=\"max-width:1216.8px;margin-left: calc(-4% \/ 2 );margin-right: calc(-4% \/ 2 );\"><div class=\"fusion-layout-column fusion_builder_column fusion-builder-column-0 fusion_builder_column_1_1 1_1 fusion-flex-column\" style=\"--awb-bg-size:cover;--awb-width-large:100%;--awb-margin-top-large:0px;--awb-spacing-right-large:1.92%;--awb-margin-bottom-large:0px;--awb-spacing-left-large:1.92%;--awb-width-medium:100%;--awb-order-medium:0;--awb-spacing-right-medium:1.92%;--awb-spacing-left-medium:1.92%;--awb-width-small:100%;--awb-order-small:0;--awb-spacing-right-small:1.92%;--awb-spacing-left-small:1.92%;\" data-scroll-devices=\"small-visibility,medium-visibility,large-visibility\"><div class=\"fusion-column-wrapper fusion-column-has-shadow fusion-flex-justify-content-flex-start fusion-content-layout-column\"><div class=\"fusion-image-element \" style=\"text-align:center;--awb-liftup-border-radius:0px;--awb-caption-title-font-family:var(--h2_typography-font-family);--awb-caption-title-font-weight:var(--h2_typography-font-weight);--awb-caption-title-font-style:var(--h2_typography-font-style);--awb-caption-title-size:var(--h2_typography-font-size);--awb-caption-title-transform:var(--h2_typography-text-transform);--awb-caption-title-line-height:var(--h2_typography-line-height);--awb-caption-title-letter-spacing:var(--h2_typography-letter-spacing);\"><div class=\"awb-image-frame awb-image-frame-1 imageframe-liftup\"><span class=\" fusion-imageframe imageframe-none imageframe-1\"><a href=\"https:\/\/www.gruppoforgesdavanzati.com\/wp-content\/uploads\/2026\/02\/Pelikan.webp\" class=\"fusion-lightbox\" data-rel=\"iLightbox[aff2981f1f560e27600]\" data-title=\"Pelikan\" title=\"Pelikan\"><img decoding=\"async\" width=\"1920\" height=\"1280\" src=\"https:\/\/www.gruppoforgesdavanzati.com\/wp-content\/uploads\/2026\/02\/Pelikan.webp\" alt class=\"img-responsive wp-image-4120\" srcset=\"https:\/\/www.gruppoforgesdavanzati.com\/wp-content\/uploads\/2026\/02\/Pelikan-200x133.webp 200w, https:\/\/www.gruppoforgesdavanzati.com\/wp-content\/uploads\/2026\/02\/Pelikan-400x267.webp 400w, https:\/\/www.gruppoforgesdavanzati.com\/wp-content\/uploads\/2026\/02\/Pelikan-600x400.webp 600w, https:\/\/www.gruppoforgesdavanzati.com\/wp-content\/uploads\/2026\/02\/Pelikan-800x533.webp 800w, https:\/\/www.gruppoforgesdavanzati.com\/wp-content\/uploads\/2026\/02\/Pelikan-1200x800.webp 1200w, https:\/\/www.gruppoforgesdavanzati.com\/wp-content\/uploads\/2026\/02\/Pelikan.webp 1920w\" sizes=\"(max-width: 1024px) 100vw, (max-width: 640px) 100vw, 1200px\" \/><\/a><\/span><\/div><\/div><div class=\"fusion-separator fusion-full-width-sep\" style=\"align-self: center;margin-left: auto;margin-right: auto;margin-top:50px;width:100%;\"><\/div><div class=\"fusion-text fusion-text-1\"><p><span class=\"fusion-dropcap dropcap dropcap-boxed L\" style=\"--awb-border-radius:50%;\">N<\/span>el sistema portuale italiano sta prendendo forma un modello di sviluppo che punta a integrare <strong data-start=\"405\" data-end=\"456\">efficienza operativa e sostenibilit\u00e0 ambientale<\/strong>. Le recenti iniziative avviate lungo l\u2019asse Adriatico\u2013Tirreno mostrano come l\u2019innovazione tecnologica possa diventare anche un fattore di competitivit\u00e0 per la logistica nazionale, oltre che uno strumento di tutela degli ecosistemi marini.<\/p>\n<p data-start=\"697\" data-end=\"1168\">In questo contesto si inserisce il progetto legato alla tecnologia <strong data-start=\"764\" data-end=\"775\">Pelikan<\/strong>, sviluppata dal cantiere navale CPN di Ancona e gestita dalla societ\u00e0 Garbage Group. Si tratta di unit\u00e0 navali di Classe \u201cA\u201d progettate per la <strong data-start=\"919\" data-end=\"1012\">raccolta e il trattamento dei rifiuti solidi e semisommersi negli specchi acquei portuali<\/strong>, un servizio sempre pi\u00f9 centrale nella gestione dei porti moderni, chiamati a garantire al tempo stesso continuit\u00e0 operativa e standard ambientali elevati.<\/p>\n<p data-start=\"1170\" data-end=\"1629\">Le due imbarcazioni gemelle, varate presso la Marina Dorica di Ancona, rientrano in un appalto assegnato a Garbage Group nell\u2019ambito di un\u2019Associazione Temporanea di Imprese per la gestione dei servizi ambientali nei <strong data-start=\"1387\" data-end=\"1416\">porti di Napoli e Salerno<\/strong>. Scali che rivestono un ruolo strategico nel panorama logistico nazionale e mediterraneo, con volumi di traffico che sfiorano complessivamente i 24 milioni di tonnellate di merci e oltre 785 mila TEU movimentati.<\/p>\n<h4 data-start=\"1631\" data-end=\"1667\">Tecnologia al servizio dei porti<\/h4>\n<p data-start=\"1669\" data-end=\"2025\">Le Pelikan Classe \u201cA\u201d sono state progettate per operare in contesti portuali complessi e ad alta intensit\u00e0 di traffico. Lo scafo in acciaio, la sovrastruttura in alluminio, i sistemi di raccolta dei rifiuti galleggianti e le cisterne dedicate al recupero di idrocarburi consentono un impiego flessibile ed efficace nelle diverse aree operative degli scali.<\/p>\n<p data-start=\"2027\" data-end=\"2453\">Dal punto di vista logistico, l\u2019introduzione di queste unit\u00e0 rappresenta un passo concreto verso porti pi\u00f9 <strong data-start=\"2134\" data-end=\"2170\">efficienti, sicuri e sostenibili<\/strong>. In un quadro caratterizzato dall\u2019espansione dei terminal container, delle banchine per rinfuse e delle infrastrutture dedicate al traffico passeggeri e crocieristico, la gestione degli specchi acquei diventa una componente essenziale della qualit\u00e0 complessiva dei servizi portuali.<\/p>\n<h4 data-start=\"2455\" data-end=\"2495\">Un progetto che guarda al territorio<\/h4>\n<p data-start=\"2497\" data-end=\"2849\">Il progetto assume anche una dimensione territoriale pi\u00f9 ampia. Secondo il sindaco di Ancona, Daniele Silvetti, l\u2019iniziativa dimostra la capacit\u00e0 del distretto cantieristico e logistico marchigiano di <strong data-start=\"2698\" data-end=\"2747\">esportare competenze e soluzioni tecnologiche<\/strong> su scala nazionale, rafforzando il ruolo di Ancona come polo di innovazione legato alla Blue Economy.<\/p>\n<p data-start=\"2851\" data-end=\"3175\">Nel dibattito locale \u00e8 emersa inoltre la possibilit\u00e0 di un utilizzo alternativo delle unit\u00e0 Pelikan nei periodi di inattivit\u00e0, ad esempio come mezzi per collegamenti marittimi urbani o turistici a basso impatto ambientale. Un\u2019ipotesi che aprirebbe a una maggiore integrazione tra infrastrutture portuali, citt\u00e0 e waterfront.<\/p>\n<h4 data-start=\"3177\" data-end=\"3233\">Blue Economy e logistica, una convergenza strategica<\/h4>\n<p data-start=\"3235\" data-end=\"3667\">Dagli interventi delle Autorit\u00e0 di Sistema Portuale e delle istituzioni presenti al varo emerge una linea condivisa: la portualit\u00e0 del futuro non pu\u00f2 limitarsi alla sola movimentazione delle merci, ma deve evolvere integrando <strong data-start=\"3461\" data-end=\"3535\">innovazione tecnologica, sostenibilit\u00e0 ambientale e sviluppo economico<\/strong>. \u00c8 in questa prospettiva che si colloca il paradigma della Blue Economy, sempre pi\u00f9 centrale nelle politiche portuali e logistiche.<\/p>\n<p data-start=\"3669\" data-end=\"3956\">L\u2019esperienza delle Pelikan conferma come le soluzioni ambientali avanzate possano diventare un fattore distintivo per i porti italiani, contribuendo a rafforzarne l\u2019attrattivit\u00e0 internazionale e a sostenere la transizione del sistema logistico verso modelli pi\u00f9 resilienti e sostenibili.<\/p>\n<\/div><div class=\"fusion-separator fusion-full-width-sep\" style=\"align-self: center;margin-left: auto;margin-right: auto;margin-top:30px;width:100%;\"><\/div><\/div><\/div><\/div><\/div>\n","protected":false},"excerpt":{"rendered":"<p>Dalla cantieristica di Ancona ai porti di Napoli e Salerno prende forma un modello di portualit\u00e0 che integra efficienza logistica e sostenibilit\u00e0 ambientale. Le unit\u00e0 navali Pelikan, sviluppate da CPN e operate da Garbage Group, saranno impiegate per la pulizia e la gestione dei rifiuti negli specchi acquei portuali. Un progetto che rafforza la Blue Economy e conferma come l\u2019innovazione ambientale possa diventare un asset strategico per la competitivit\u00e0 dei porti italiani<\/p>","protected":false},"author":9,"featured_media":4120,"comment_status":"open","ping_status":"open","sticky":false,"template":"","format":"standard","meta":{"footnotes":""},"categories":[17],"tags":[396,164],"class_list":["post-4119","post","type-post","status-publish","format-standard","has-post-thumbnail","hentry","category-logistica","tag-intelligenza-artificiale","tag-logistica"],"_links":{"self":[{"href":"https:\/\/www.gruppoforgesdavanzati.com\/en\/wp-json\/wp\/v2\/posts\/4119","targetHints":{"allow":["GET"]}}],"collection":[{"href":"https:\/\/www.gruppoforgesdavanzati.com\/en\/wp-json\/wp\/v2\/posts"}],"about":[{"href":"https:\/\/www.gruppoforgesdavanzati.com\/en\/wp-json\/wp\/v2\/types\/post"}],"author":[{"embeddable":true,"href":"https:\/\/www.gruppoforgesdavanzati.com\/en\/wp-json\/wp\/v2\/users\/9"}],"replies":[{"embeddable":true,"href":"https:\/\/www.gruppoforgesdavanzati.com\/en\/wp-json\/wp\/v2\/comments?post=4119"}],"version-history":[{"count":8,"href":"https:\/\/www.gruppoforgesdavanzati.com\/en\/wp-json\/wp\/v2\/posts\/4119\/revisions"}],"predecessor-version":[{"id":4129,"href":"https:\/\/www.gruppoforgesdavanzati.com\/en\/wp-json\/wp\/v2\/posts\/4119\/revisions\/4129"}],"wp:featuredmedia":[{"embeddable":true,"href":"https:\/\/www.gruppoforgesdavanzati.com\/en\/wp-json\/wp\/v2\/media\/4120"}],"wp:attachment":[{"href":"https:\/\/www.gruppoforgesdavanzati.com\/en\/wp-json\/wp\/v2\/media?parent=4119"}],"wp:term":[{"taxonomy":"category","embeddable":true,"href":"https:\/\/www.gruppoforgesdavanzati.com\/en\/wp-json\/wp\/v2\/categories?post=4119"},{"taxonomy":"post_tag","embeddable":true,"href":"https:\/\/www.gruppoforgesdavanzati.com\/en\/wp-json\/wp\/v2\/tags?post=4119"}],"curies":[{"name":"wp","href":"https:\/\/api.w.org\/{rel}","templated":true}]}}